{"id":1760,"date":"2026-03-13T21:48:32","date_gmt":"2026-03-13T19:48:32","guid":{"rendered":"https:\/\/angelverein-verl-suerenheide.de\/?p=1760"},"modified":"2026-03-13T21:48:34","modified_gmt":"2026-03-13T19:48:34","slug":"ende-der-schonzeit-fuer-die-bachforelle-16-03-26","status":"publish","type":"post","link":"https:\/\/angelverein-verl-suerenheide.de\/?p=1760","title":{"rendered":"Ende der Schonzeit f\u00fcr die Bachforelle (16.03.26)"},"content":{"rendered":"Du musst angemeldet sein, um diesen Inhalt sehen zu k\u00f6nnen.","protected":false},"excerpt":{"rendered":"Du musst angemeldet sein, um diesen Inhalt sehen zu k\u00f6nnen.","protected":false},"author":1,"featured_media":0,"comment_status":"open","ping_status":"open","sticky":false,"template":"","format":"standard","meta":{"jetpack_post_was_ever_published":false,"_jetpack_newsletter_access":"","_jetpack_dont_email_post_to_subs":true,"_jetpack_newsletter_tier_id":0,"_jetpack_memberships_contains_paywalled_content":false,"_jetpack_memberships_contains_paid_content":false,"footnotes":"","jetpack_publicize_message":"","jetpack_publicize_feature_enabled":true,"jetpack_social_post_already_shared":true,"jetpack_social_options":{"image_generator_settings":{"template":"highway","default_image_id":0,"font":"","enabled":false},"version":2}},"categories":[44],"tags":[],"class_list":{"0":"post-1760","1":"post","2":"type-post","3":"status-publish","4":"format-standard","6":"category-angelverein-verl","7":"h-entry","8":"hentry","9":"h-as-article"},"jetpack_publicize_connections":[],"jetpack_featured_media_url":"","jetpack_sharing_enabled":true,"jetpack_shortlink":"https:\/\/wp.me\/p8Yuus-so","_links":{"self":[{"href":"https:\/\/angelverein-verl-suerenheide.de\/index.php?rest_route=\/wp\/v2\/posts\/1760","targetHints":{"allow":["GET"]}}],"collection":[{"href":"https:\/\/angelverein-verl-suerenheide.de\/index.php?rest_route=\/wp\/v2\/posts"}],"about":[{"href":"https:\/\/angelverein-verl-suerenheide.de\/index.php?rest_route=\/wp\/v2\/types\/post"}],"author":[{"embeddable":true,"href":"https:\/\/angelverein-verl-suerenheide.de\/index.php?rest_route=\/wp\/v2\/users\/1"}],"replies":[{"embeddable":true,"href":"https:\/\/angelverein-verl-suerenheide.de\/index.php?rest_route=%2Fwp%2Fv2%2Fcomments&post=1760"}],"version-history":[{"count":1,"href":"https:\/\/angelverein-verl-suerenheide.de\/index.php?rest_route=\/wp\/v2\/posts\/1760\/revisions"}],"predecessor-version":[{"id":1761,"href":"https:\/\/angelverein-verl-suerenheide.de\/index.php?rest_route=\/wp\/v2\/posts\/1760\/revisions\/1761"}],"wp:attachment":[{"href":"https:\/\/angelverein-verl-suerenheide.de\/index.php?rest_route=%2Fwp%2Fv2%2Fmedia&parent=1760"}],"wp:term":[{"taxonomy":"category","embeddable":true,"href":"https:\/\/angelverein-verl-suerenheide.de\/index.php?rest_route=%2Fwp%2Fv2%2Fcategories&post=1760"},{"taxonomy":"post_tag","embeddable":true,"href":"https:\/\/angelverein-verl-suerenheide.de\/index.php?rest_route=%2Fwp%2Fv2%2Ftags&post=1760"}],"curies":[{"name":"wp","href":"https:\/\/api.w.org\/{rel}","templated":true}]}}